{"id":12125,"date":"2024-10-09T15:47:15","date_gmt":"2024-10-09T20:47:15","guid":{"rendered":"https:\/\/fen.com.ec\/Website1\/?p=12125"},"modified":"2024-10-09T15:47:30","modified_gmt":"2024-10-09T20:47:30","slug":"el-testamento-es-una-de-las-figuras-juridicas-menos-utilizadas","status":"publish","type":"post","link":"https:\/\/fen.com.ec\/Website1\/el-testamento-es-una-de-las-figuras-juridicas-menos-utilizadas\/","title":{"rendered":"El testamento es una de las figuras jur\u00eddicas menos utilizadas"},"content":{"rendered":"\n<p class=\"\"><img decoding=\"async\" height=\"16\" width=\"16\" src=\"https:\/\/static.xx.fbcdn.net\/images\/emoji.php\/v9\/ta\/1\/16\/2696.png\" alt=\"\u2696\ufe0f\"> &#8220;La figura del testamento se utiliza muy poco, quiz\u00e1s por el costo o por las restricciones que tiene al disponer de los bienes&#8221;<br>Lea el art\u00edculo completo de la Dra. Iraida Correa V\u00e9liz, Notaria Segunda del cant\u00f3n Milagro, aqu\u00ed <img decoding=\"async\" height=\"16\" width=\"16\" src=\"https:\/\/static.xx.fbcdn.net\/images\/emoji.php\/v9\/t4f\/1\/16\/1f447.png\" alt=\"\ud83d\udc47\"><br><a href=\"https:\/\/shorturl.at\/vDILU?fbclid=IwZXh0bgNhZW0CMTAAAR3UIlxA9SCj7eVmXdPS-Ej4q2EQIoPaVN_SzfnpiLf7MP-wLNZ00445idc_aem_btYhCoiJwrfTWJcENPx-JA\" target=\"_blank\" rel=\"noreferrer noopener\">https:\/\/shorturl.at\/vDILU<\/a><\/p>\n\n\n\n<figure class=\"wp-block-image size-large is-resized\"><img data-recalc-dims=\"1\" fetchpriority=\"high\" decoding=\"async\" width=\"1024\" height=\"1024\" src=\"https:\/\/i0.wp.com\/fen.com.ec\/Website1\/wp-content\/uploads\/2024\/10\/438717443_888465093081032_86261014474535726_n.jpg?resize=1024%2C1024&#038;ssl=1\" alt=\"\" class=\"wp-image-12127\" style=\"width:1071px;height:auto\" srcset=\"https:\/\/i0.wp.com\/fen.com.ec\/Website1\/wp-content\/uploads\/2024\/10\/438717443_888465093081032_86261014474535726_n.jpg?resize=1024%2C1024&amp;ssl=1 1024w, https:\/\/i0.wp.com\/fen.com.ec\/Website1\/wp-content\/uploads\/2024\/10\/438717443_888465093081032_86261014474535726_n.jpg?resize=300%2C300&amp;ssl=1 300w, https:\/\/i0.wp.com\/fen.com.ec\/Website1\/wp-content\/uploads\/2024\/10\/438717443_888465093081032_86261014474535726_n.jpg?resize=150%2C150&amp;ssl=1 150w, https:\/\/i0.wp.com\/fen.com.ec\/Website1\/wp-content\/uploads\/2024\/10\/438717443_888465093081032_86261014474535726_n.jpg?resize=768%2C768&amp;ssl=1 768w, https:\/\/i0.wp.com\/fen.com.ec\/Website1\/wp-content\/uploads\/2024\/10\/438717443_888465093081032_86261014474535726_n.jpg?resize=200%2C200&amp;ssl=1 200w, https:\/\/i0.wp.com\/fen.com.ec\/Website1\/wp-content\/uploads\/2024\/10\/438717443_888465093081032_86261014474535726_n.jpg?w=1080&amp;ssl=1 1080w\" sizes=\"(max-width: 1024px) 100vw, 1024px\" \/><\/figure>\n\n\n\n<p class=\"\"><\/p>\n\n    <div class=\"xs_social_share_widget xs_share_url after_content \t\tmain_content  wslu-style-1 wslu-share-box-shaped wslu-fill-colored wslu-none wslu-share-horizontal wslu-theme-font-no wslu-main_content\">\n\n\t\t\n        <ul>\n\t\t\t                    <li class=\"xs-share-li facebook                        wslu-no-extra-data\">\n                        <a href=\"#\"\n                           class=\"xs-share-link\"\n                           id=\"xs_feed_facebook\"\n                           data-pid=\"12125\"\n                           data-uri_hash=\"b8620d2f508f64be0abaa10b9e159323\"\n                           data-key=\"facebook\"\n                           data-xs-href=\"http:\/\/www.facebook.com\/sharer.php?u=https%3A%2F%2Ffen.com.ec%2FWebsite1%2Fel-testamento-es-una-de-las-figuras-juridicas-menos-utilizadas%2F&amp;t=El+testamento+es+una+de+las+figuras+jur%C3%ADdicas+menos+utilizadas&amp;v=3\">\n\n                            <div class=\"xs-social-icon\">\n                                <span class=\"met-social met-social-facebook\"><\/span>\n                            <\/div>\n\n\t\t\t\t\t\t\t\n                            <div class=\"wslu-hover-content\">\n                                <div class=\"xs-social-followers\">\n\t\t\t\t\t\t\t\t\t0                                <\/div>\n                                <div class=\"xs-social-follower-text\">\n\t\t\t\t\t\t\t\t\t                                <\/div>\n                                <div class=\"xs-social-follower-label\">\n\t\t\t\t\t\t\t\t\tFacebook                                <\/div>\n                            <\/div>\n                        <\/a>\n                    <\/li>\n\t\t\t\t\t        <\/ul>\n    <\/div> \n","protected":false},"excerpt":{"rendered":"<p>&#8220;La figura del testamento se utiliza muy poco, quiz\u00e1s por el costo o por las restricciones que tiene al disponer de los bienes&#8221;Lea el art\u00edculo completo de la Dra. Iraida Correa V\u00e9liz, Notaria Segunda del cant\u00f3n Milagro, aqu\u00ed https:\/\/shorturl.at\/vDILU 0 Facebook<\/p>\n","protected":false},"author":2,"featured_media":0,"comment_status":"open","ping_status":"open","sticky":false,"template":"","format":"standard","meta":{"nf_dc_page":"","_eb_attr":"","om_disable_all_campaigns":false,"_jetpack_memberships_contains_paid_content":false,"footnotes":""},"categories":[127,153,1],"tags":[],"class_list":["post-12125","post","type-post","status-publish","format-standard","hentry","category-comunicados","category-noticias","category-otros"],"jetpack_featured_media_url":"","jetpack_sharing_enabled":true,"amp_enabled":true,"_links":{"self":[{"href":"https:\/\/fen.com.ec\/Website1\/wp-json\/wp\/v2\/posts\/12125","targetHints":{"allow":["GET"]}}],"collection":[{"href":"https:\/\/fen.com.ec\/Website1\/wp-json\/wp\/v2\/posts"}],"about":[{"href":"https:\/\/fen.com.ec\/Website1\/wp-json\/wp\/v2\/types\/post"}],"author":[{"embeddable":true,"href":"https:\/\/fen.com.ec\/Website1\/wp-json\/wp\/v2\/users\/2"}],"replies":[{"embeddable":true,"href":"https:\/\/fen.com.ec\/Website1\/wp-json\/wp\/v2\/comments?post=12125"}],"version-history":[{"count":1,"href":"https:\/\/fen.com.ec\/Website1\/wp-json\/wp\/v2\/posts\/12125\/revisions"}],"predecessor-version":[{"id":12129,"href":"https:\/\/fen.com.ec\/Website1\/wp-json\/wp\/v2\/posts\/12125\/revisions\/12129"}],"wp:attachment":[{"href":"https:\/\/fen.com.ec\/Website1\/wp-json\/wp\/v2\/media?parent=12125"}],"wp:term":[{"taxonomy":"category","embeddable":true,"href":"https:\/\/fen.com.ec\/Website1\/wp-json\/wp\/v2\/categories?post=12125"},{"taxonomy":"post_tag","embeddable":true,"href":"https:\/\/fen.com.ec\/Website1\/wp-json\/wp\/v2\/tags?post=12125"}],"curies":[{"name":"wp","href":"https:\/\/api.w.org\/{rel}","templated":true}]}}