{"id":12275,"date":"2024-10-23T16:46:23","date_gmt":"2024-10-23T21:46:23","guid":{"rendered":"https:\/\/fen.com.ec\/Website1\/?p=12275"},"modified":"2024-10-23T16:46:30","modified_gmt":"2024-10-23T21:46:30","slug":"el-tema-de-la-fecundacion-asistida-se-enfrenta-con-la-fragmentacion-del-derecho-tanto-nacional-como-internacional","status":"publish","type":"post","link":"https:\/\/fen.com.ec\/Website1\/el-tema-de-la-fecundacion-asistida-se-enfrenta-con-la-fragmentacion-del-derecho-tanto-nacional-como-internacional\/","title":{"rendered":"El tema de la fecundaci\u00f3n asistida se enfrenta con la fragmentaci\u00f3n del derecho tanto nacional como internacional"},"content":{"rendered":"\n<p class=\"\">\u2696\ufe0f &#8220;En el \u00e1mbito del Derecho de Familia, la fecundaci\u00f3n asistida ha surgido como una alternativa para aquellos individuos o parejas que enfrentan dificultades para concebir de manera natural.&#8221;<\/p>\n\n\n\n<p class=\"\">Encuentre el ensayo completo de la Dra. Lidia Mar\u00eda Dur\u00e1n Capell\u00e1n, Doctora en Medicina, Doctora en Derecho y Miembro del Consejo Directivo del Colegio Dominicano de Notarios, aqu\u00ed \ud83d\udc49 https:\/\/bit.ly\/4eCaK2e<\/p>\n\n\n\n<p class=\"\">#Fen #FENInforma<\/p>\n\n\n\n<figure class=\"wp-block-image size-large is-resized\"><img data-recalc-dims=\"1\" fetchpriority=\"high\" decoding=\"async\" width=\"1024\" height=\"1024\" src=\"https:\/\/i0.wp.com\/fen.com.ec\/Website1\/wp-content\/uploads\/2024\/10\/FEN-POST-REVISTA-CAAM-1.jpg?resize=1024%2C1024&#038;ssl=1\" alt=\"\" class=\"wp-image-12276\" style=\"width:1071px;height:auto\" srcset=\"https:\/\/i0.wp.com\/fen.com.ec\/Website1\/wp-content\/uploads\/2024\/10\/FEN-POST-REVISTA-CAAM-1.jpg?resize=1024%2C1024&amp;ssl=1 1024w, https:\/\/i0.wp.com\/fen.com.ec\/Website1\/wp-content\/uploads\/2024\/10\/FEN-POST-REVISTA-CAAM-1.jpg?resize=300%2C300&amp;ssl=1 300w, https:\/\/i0.wp.com\/fen.com.ec\/Website1\/wp-content\/uploads\/2024\/10\/FEN-POST-REVISTA-CAAM-1.jpg?resize=150%2C150&amp;ssl=1 150w, https:\/\/i0.wp.com\/fen.com.ec\/Website1\/wp-content\/uploads\/2024\/10\/FEN-POST-REVISTA-CAAM-1.jpg?resize=768%2C768&amp;ssl=1 768w, https:\/\/i0.wp.com\/fen.com.ec\/Website1\/wp-content\/uploads\/2024\/10\/FEN-POST-REVISTA-CAAM-1.jpg?resize=200%2C200&amp;ssl=1 200w, https:\/\/i0.wp.com\/fen.com.ec\/Website1\/wp-content\/uploads\/2024\/10\/FEN-POST-REVISTA-CAAM-1.jpg?w=1200&amp;ssl=1 1200w\" sizes=\"(max-width: 1024px) 100vw, 1024px\" \/><\/figure>\n\n\n\n<p class=\"\"><\/p>\n\n    <div class=\"xs_social_share_widget xs_share_url after_content \t\tmain_content  wslu-style-1 wslu-share-box-shaped wslu-fill-colored wslu-none wslu-share-horizontal wslu-theme-font-no wslu-main_content\">\n\n\t\t\n        <ul>\n\t\t\t                    <li class=\"xs-share-li facebook                        wslu-no-extra-data\">\n                        <a href=\"#\"\n                           class=\"xs-share-link\"\n                           id=\"xs_feed_facebook\"\n                           data-pid=\"12275\"\n                           data-uri_hash=\"5396b5d5e2cfc41bcdce67ff717b9ccc\"\n                           data-key=\"facebook\"\n                           data-xs-href=\"http:\/\/www.facebook.com\/sharer.php?u=https%3A%2F%2Ffen.com.ec%2FWebsite1%2Fel-tema-de-la-fecundacion-asistida-se-enfrenta-con-la-fragmentacion-del-derecho-tanto-nacional-como-internacional%2F&amp;t=El+tema+de+la+fecundaci%C3%B3n+asistida+se+enfrenta+con+la+fragmentaci%C3%B3n+del+derecho+tanto+nacional+como+internacional&amp;v=3\">\n\n                            <div class=\"xs-social-icon\">\n                                <span class=\"met-social met-social-facebook\"><\/span>\n                            <\/div>\n\n\t\t\t\t\t\t\t\n                            <div class=\"wslu-hover-content\">\n                                <div class=\"xs-social-followers\">\n\t\t\t\t\t\t\t\t\t0                                <\/div>\n                                <div class=\"xs-social-follower-text\">\n\t\t\t\t\t\t\t\t\t                                <\/div>\n                                <div class=\"xs-social-follower-label\">\n\t\t\t\t\t\t\t\t\tFacebook                                <\/div>\n                            <\/div>\n                        <\/a>\n                    <\/li>\n\t\t\t\t\t        <\/ul>\n    <\/div> \n","protected":false},"excerpt":{"rendered":"<p>\u2696\ufe0f &#8220;En el \u00e1mbito del Derecho de Familia, la fecundaci\u00f3n asistida ha surgido como una alternativa para aquellos individuos o parejas que enfrentan dificultades para concebir de manera natural.&#8221; Encuentre el ensayo completo de la Dra. Lidia Mar\u00eda Dur\u00e1n Capell\u00e1n, Doctora en Medicina, Doctora en Derecho y Miembro del Consejo Directivo del Colegio Dominicano de [&hellip;]<\/p>\n","protected":false},"author":2,"featured_media":0,"comment_status":"open","ping_status":"open","sticky":false,"template":"","format":"standard","meta":{"nf_dc_page":"","_eb_attr":"","om_disable_all_campaigns":false,"_jetpack_memberships_contains_paid_content":false,"footnotes":""},"categories":[127,153,1],"tags":[],"class_list":["post-12275","post","type-post","status-publish","format-standard","hentry","category-comunicados","category-noticias","category-otros"],"jetpack_featured_media_url":"","jetpack_sharing_enabled":true,"amp_enabled":true,"_links":{"self":[{"href":"https:\/\/fen.com.ec\/Website1\/wp-json\/wp\/v2\/posts\/12275","targetHints":{"allow":["GET"]}}],"collection":[{"href":"https:\/\/fen.com.ec\/Website1\/wp-json\/wp\/v2\/posts"}],"about":[{"href":"https:\/\/fen.com.ec\/Website1\/wp-json\/wp\/v2\/types\/post"}],"author":[{"embeddable":true,"href":"https:\/\/fen.com.ec\/Website1\/wp-json\/wp\/v2\/users\/2"}],"replies":[{"embeddable":true,"href":"https:\/\/fen.com.ec\/Website1\/wp-json\/wp\/v2\/comments?post=12275"}],"version-history":[{"count":1,"href":"https:\/\/fen.com.ec\/Website1\/wp-json\/wp\/v2\/posts\/12275\/revisions"}],"predecessor-version":[{"id":12277,"href":"https:\/\/fen.com.ec\/Website1\/wp-json\/wp\/v2\/posts\/12275\/revisions\/12277"}],"wp:attachment":[{"href":"https:\/\/fen.com.ec\/Website1\/wp-json\/wp\/v2\/media?parent=12275"}],"wp:term":[{"taxonomy":"category","embeddable":true,"href":"https:\/\/fen.com.ec\/Website1\/wp-json\/wp\/v2\/categories?post=12275"},{"taxonomy":"post_tag","embeddable":true,"href":"https:\/\/fen.com.ec\/Website1\/wp-json\/wp\/v2\/tags?post=12275"}],"curies":[{"name":"wp","href":"https:\/\/api.w.org\/{rel}","templated":true}]}}