{"id":12467,"date":"2025-05-13T15:37:39","date_gmt":"2025-05-13T20:37:39","guid":{"rendered":"https:\/\/fen.com.ec\/Website1\/?p=12467"},"modified":"2025-05-13T15:37:47","modified_gmt":"2025-05-13T20:37:47","slug":"la-vejez-es-uno-de-los-momentos-mas-sensibles-del-ser-humano","status":"publish","type":"post","link":"https:\/\/fen.com.ec\/Website1\/la-vejez-es-uno-de-los-momentos-mas-sensibles-del-ser-humano\/","title":{"rendered":"La vejez es uno de los momentos m\u00e1s sensibles del ser humano."},"content":{"rendered":"\n<p class=\"\"> Lea el art\u00edculo completo de la Dra. Mercedes C\u00f3ndor Salazar, &#8220;Seguridad jur\u00eddica para las personas de la tercera edad&#8221;, en nuestra revista Notarios 5 <\/p>\n\n\n\n<p class=\"\"><img decoding=\"async\" height=\"16\" width=\"16\" src=\"https:\/\/static.xx.fbcdn.net\/images\/emoji.php\/v9\/t51\/1\/16\/1f449.png\" alt=\"\ud83d\udc49\"> <a href=\"https:\/\/shorturl.at\/vDILU?fbclid=IwZXh0bgNhZW0CMTAAYnJpZBExMU13bjNNOVA2ZjBuVlhpWAEeQOJpLVuQ68JQZtdjh-qWdHSncjRpSfz0m2AkfCC6yBUIoiaf0h2XN4oFaNk_aem_jBHU9APvyMruVHqKbkoSWA\" target=\"_blank\" rel=\"noreferrer noopener\">https:\/\/shorturl.at\/vDILU<\/a><\/p>\n\n\n\n<p class=\"\"><a href=\"https:\/\/www.facebook.com\/hashtag\/fen?__eep__=6&amp;__cft__[0]=AZUo47lqofP1KhtvJGx7jUWfPWkElPFdaHRQehlIQwTr8N381QQwLLNIYRPPqBELLHhCQjsl2eFtU-MW8nBF1qlg0BO5zowu4a1qltdICKHmHlTv7GmRp8GwcCoBze51clDn1y7ccL9vHuLMT2SUIwen&amp;__tn__=*NK-R\">#Fen<\/a><a href=\"https:\/\/www.facebook.com\/hashtag\/feninforma?__eep__=6&amp;__cft__[0]=AZUo47lqofP1KhtvJGx7jUWfPWkElPFdaHRQehlIQwTr8N381QQwLLNIYRPPqBELLHhCQjsl2eFtU-MW8nBF1qlg0BO5zowu4a1qltdICKHmHlTv7GmRp8GwcCoBze51clDn1y7ccL9vHuLMT2SUIwen&amp;__tn__=*NK-R\">#FENInforma<\/a><\/p>\n\n\n\n<figure class=\"wp-block-image size-full\"><img fetchpriority=\"high\" decoding=\"async\" width=\"1080\" height=\"1080\" src=\"https:\/\/i0.wp.com\/fen.com.ec\/Website1\/wp-content\/uploads\/2025\/05\/495221521_1145574104036795_7482459958588781276_n.jpg?fit=1080%2C1080&amp;ssl=1\" alt=\"\" class=\"wp-image-12468\" srcset=\"https:\/\/i0.wp.com\/fen.com.ec\/Website1\/wp-content\/uploads\/2025\/05\/495221521_1145574104036795_7482459958588781276_n.jpg?w=1080&amp;ssl=1 1080w, https:\/\/i0.wp.com\/fen.com.ec\/Website1\/wp-content\/uploads\/2025\/05\/495221521_1145574104036795_7482459958588781276_n.jpg?resize=300%2C300&amp;ssl=1 300w, https:\/\/i0.wp.com\/fen.com.ec\/Website1\/wp-content\/uploads\/2025\/05\/495221521_1145574104036795_7482459958588781276_n.jpg?resize=1024%2C1024&amp;ssl=1 1024w, https:\/\/i0.wp.com\/fen.com.ec\/Website1\/wp-content\/uploads\/2025\/05\/495221521_1145574104036795_7482459958588781276_n.jpg?resize=150%2C150&amp;ssl=1 150w, https:\/\/i0.wp.com\/fen.com.ec\/Website1\/wp-content\/uploads\/2025\/05\/495221521_1145574104036795_7482459958588781276_n.jpg?resize=768%2C768&amp;ssl=1 768w, https:\/\/i0.wp.com\/fen.com.ec\/Website1\/wp-content\/uploads\/2025\/05\/495221521_1145574104036795_7482459958588781276_n.jpg?resize=200%2C200&amp;ssl=1 200w\" sizes=\"(max-width: 1080px) 100vw, 1080px\" \/><\/figure>\n\n\n\n<p class=\"\"><\/p>\n\n    <div class=\"xs_social_share_widget xs_share_url after_content \t\tmain_content  wslu-style-1 wslu-share-box-shaped wslu-fill-colored wslu-none wslu-share-horizontal wslu-theme-font-no wslu-main_content\">\n\n\t\t\n        <ul>\n\t\t\t                    <li class=\"xs-share-li facebook                        wslu-no-extra-data\">\n                        <a href=\"#\"\n                           class=\"xs-share-link\"\n                           id=\"xs_feed_facebook\"\n                           data-pid=\"12467\"\n                           data-uri_hash=\"0465ae0663445b6672a9205a05148282\"\n                           data-key=\"facebook\"\n                           data-xs-href=\"http:\/\/www.facebook.com\/sharer.php?u=https%3A%2F%2Ffen.com.ec%2FWebsite1%2Fla-vejez-es-uno-de-los-momentos-mas-sensibles-del-ser-humano%2F&amp;t=La+vejez+es+uno+de+los+momentos+m%C3%A1s+sensibles+del+ser+humano.&amp;v=3\">\n\n                            <div class=\"xs-social-icon\">\n                                <span class=\"met-social met-social-facebook\"><\/span>\n                            <\/div>\n\n\t\t\t\t\t\t\t\n                            <div class=\"wslu-hover-content\">\n                                <div class=\"xs-social-followers\">\n\t\t\t\t\t\t\t\t\t0                                <\/div>\n                                <div class=\"xs-social-follower-text\">\n\t\t\t\t\t\t\t\t\t                                <\/div>\n                                <div class=\"xs-social-follower-label\">\n\t\t\t\t\t\t\t\t\tFacebook                                <\/div>\n                            <\/div>\n                        <\/a>\n                    <\/li>\n\t\t\t\t\t        <\/ul>\n    <\/div> \n","protected":false},"excerpt":{"rendered":"<p>Lea el art\u00edculo completo de la Dra. Mercedes C\u00f3ndor Salazar, &#8220;Seguridad jur\u00eddica para las personas de la tercera edad&#8221;, en nuestra revista Notarios 5 https:\/\/shorturl.at\/vDILU #Fen#FENInforma 0 Facebook<\/p>\n","protected":false},"author":2,"featured_media":12468,"comment_status":"open","ping_status":"open","sticky":false,"template":"","format":"standard","meta":{"nf_dc_page":"","_eb_attr":"","om_disable_all_campaigns":false,"_jetpack_memberships_contains_paid_content":false,"footnotes":""},"categories":[153,160],"tags":[161],"class_list":["post-12467","post","type-post","status-publish","format-standard","has-post-thumbnail","hentry","category-noticias","category-revista-notarios","tag-noticias"],"jetpack_featured_media_url":"https:\/\/i0.wp.com\/fen.com.ec\/Website1\/wp-content\/uploads\/2025\/05\/495221521_1145574104036795_7482459958588781276_n.jpg?fit=1080%2C1080&ssl=1","jetpack_sharing_enabled":true,"amp_enabled":true,"_links":{"self":[{"href":"https:\/\/fen.com.ec\/Website1\/wp-json\/wp\/v2\/posts\/12467","targetHints":{"allow":["GET"]}}],"collection":[{"href":"https:\/\/fen.com.ec\/Website1\/wp-json\/wp\/v2\/posts"}],"about":[{"href":"https:\/\/fen.com.ec\/Website1\/wp-json\/wp\/v2\/types\/post"}],"author":[{"embeddable":true,"href":"https:\/\/fen.com.ec\/Website1\/wp-json\/wp\/v2\/users\/2"}],"replies":[{"embeddable":true,"href":"https:\/\/fen.com.ec\/Website1\/wp-json\/wp\/v2\/comments?post=12467"}],"version-history":[{"count":1,"href":"https:\/\/fen.com.ec\/Website1\/wp-json\/wp\/v2\/posts\/12467\/revisions"}],"predecessor-version":[{"id":12469,"href":"https:\/\/fen.com.ec\/Website1\/wp-json\/wp\/v2\/posts\/12467\/revisions\/12469"}],"wp:featuredmedia":[{"embeddable":true,"href":"https:\/\/fen.com.ec\/Website1\/wp-json\/wp\/v2\/media\/12468"}],"wp:attachment":[{"href":"https:\/\/fen.com.ec\/Website1\/wp-json\/wp\/v2\/media?parent=12467"}],"wp:term":[{"taxonomy":"category","embeddable":true,"href":"https:\/\/fen.com.ec\/Website1\/wp-json\/wp\/v2\/categories?post=12467"},{"taxonomy":"post_tag","embeddable":true,"href":"https:\/\/fen.com.ec\/Website1\/wp-json\/wp\/v2\/tags?post=12467"}],"curies":[{"name":"wp","href":"https:\/\/api.w.org\/{rel}","templated":true}]}}