{"id":12471,"date":"2025-05-20T15:35:06","date_gmt":"2025-05-20T20:35:06","guid":{"rendered":"https:\/\/fen.com.ec\/Website1\/?p=12471"},"modified":"2025-05-20T15:35:10","modified_gmt":"2025-05-20T20:35:10","slug":"impulsamos-la-formacion-juridica","status":"publish","type":"post","link":"https:\/\/fen.com.ec\/Website1\/impulsamos-la-formacion-juridica\/","title":{"rendered":"Impulsamos la formaci\u00f3n jur\u00eddica"},"content":{"rendered":"\n<p class=\"\"><img decoding=\"async\" height=\"16\" width=\"16\" src=\"https:\/\/static.xx.fbcdn.net\/images\/emoji.php\/v9\/t64\/1\/16\/1f91d.png\" alt=\"\ud83e\udd1d\"><img decoding=\"async\" height=\"16\" width=\"16\" src=\"https:\/\/static.xx.fbcdn.net\/images\/emoji.php\/v9\/td\/1\/16\/1f4bc.png\" alt=\"\ud83d\udcbc\"><img decoding=\"async\" height=\"16\" width=\"16\" src=\"https:\/\/static.xx.fbcdn.net\/images\/emoji.php\/v9\/t95\/1\/16\/1f1ea_1f1e8.png\" alt=\"\ud83c\uddea\ud83c\udde8\"> Impulsamos la formaci\u00f3n jur\u00eddica<\/p>\n\n\n\n<p class=\"\">Con <a><\/a>el compromiso de fortalecer la formaci\u00f3n continua y la investigaci\u00f3n jur\u00eddica en el pa\u00eds, hoy firmamos un convenio marco de cooperaci\u00f3n interinstitucional con la Federaci\u00f3n Ecuatoriana de Notarios.<\/p>\n\n\n\n<p class=\"\"><img loading=\"lazy\" decoding=\"async\" height=\"16\" width=\"16\" alt=\"\ud83d\udcc4\" src=\"https:\/\/static.xx.fbcdn.net\/images\/emoji.php\/v9\/tfd\/1\/16\/1f4c4.png\"> El acuerdo fue suscrito por nuestro rector, Profesor C\u00e9sar Monta\u00f1o Galarza, y el presidente de la Federaci\u00f3n, Homero L\u00f3pez Obando, en presencia de una destacada representaci\u00f3n de notarios de diversas provincias del Ecuador.<\/p>\n\n\n\n<p class=\"\"><img loading=\"lazy\" decoding=\"async\" height=\"16\" width=\"16\" alt=\"\ud83c\udf93\" src=\"https:\/\/static.xx.fbcdn.net\/images\/emoji.php\/v9\/t25\/1\/16\/1f393.png\"> Este convenio abre el camino para desarrollar programas acad\u00e9micos, investigaciones conjuntas, publicaciones, servicios a la comunidad y m\u00e1s, en concordancia con los objetivos estrat\u00e9gicos y la normativa vigente.<\/p>\n\n\n\n<p class=\"\"><img loading=\"lazy\" decoding=\"async\" height=\"16\" width=\"16\" alt=\"\ud83d\udc65\" src=\"https:\/\/static.xx.fbcdn.net\/images\/emoji.php\/v9\/t8b\/1\/16\/1f465.png\"> Agradecemos la presencia de Hiroshima Villalba Miranda, David Pino Bastidas, Christian Recalde De la Rosa, Ana Sol\u00eds Ch\u00e1vez, Mauricio Barros Ugu\u00f1a, Freddy Ramos Escobar, Edgar C\u00e1rdenas Arroyo, Rodrin Palacios Soto, Ren\u00e9 P\u00e9rez Rojas, F\u00e9lix Rambay S\u00e1nchez, Gustavo Ch\u00e1ves Chimbo y Oswaldo Infante Zavala.<\/p>\n\n\n\n<p class=\"\"><img loading=\"lazy\" decoding=\"async\" height=\"16\" width=\"16\" alt=\"\ud83d\udcda\" src=\"https:\/\/static.xx.fbcdn.net\/images\/emoji.php\/v9\/t49\/1\/16\/1f4da.png\"> \u00a1Seguimos construyendo alianzas que aportan al desarrollo del conocimiento jur\u00eddico y social del Ecuador!<\/p>\n\n\n\n<p class=\"\"><a href=\"https:\/\/www.facebook.com\/hashtag\/firmaconveniouasb?__eep__=6&amp;__cft__[0]=AZU6kGthADpfVcVqhcTtVkitwc2riVzonKX8K2tTtUAI15WGfEeKZwbXK-Bg6hnM67VPFYWa6eX8z9dY1GHYpmgN2DpXxcdhM1353sxMs52kZjuRC2olhxmSrhvMN_wrFKpOuqDsTd4EwozJ_OnSQIsO7EJ0nlu-wUPLPSGJ6N28oiWV45LFMO5ECRp-SzvlF8nRBxiKjf3H2yo0I3R6_pgm&amp;__tn__=*NK-R\">#FirmaConvenioUASB<\/a><a href=\"https:\/\/www.facebook.com\/hashtag\/notariosdelecuador?__eep__=6&amp;__cft__[0]=AZU6kGthADpfVcVqhcTtVkitwc2riVzonKX8K2tTtUAI15WGfEeKZwbXK-Bg6hnM67VPFYWa6eX8z9dY1GHYpmgN2DpXxcdhM1353sxMs52kZjuRC2olhxmSrhvMN_wrFKpOuqDsTd4EwozJ_OnSQIsO7EJ0nlu-wUPLPSGJ6N28oiWV45LFMO5ECRp-SzvlF8nRBxiKjf3H2yo0I3R6_pgm&amp;__tn__=*NK-R\">#NotariosDelEcuador<\/a><a href=\"https:\/\/www.facebook.com\/hashtag\/derechouasbcuador?__eep__=6&amp;__cft__[0]=AZU6kGthADpfVcVqhcTtVkitwc2riVzonKX8K2tTtUAI15WGfEeKZwbXK-Bg6hnM67VPFYWa6eX8z9dY1GHYpmgN2DpXxcdhM1353sxMs52kZjuRC2olhxmSrhvMN_wrFKpOuqDsTd4EwozJ_OnSQIsO7EJ0nlu-wUPLPSGJ6N28oiWV45LFMO5ECRp-SzvlF8nRBxiKjf3H2yo0I3R6_pgm&amp;__tn__=*NK-R\">#DerechoUASBcuador<\/a><\/p>\n\n\n\n<figure class=\"wp-block-image size-large\"><img loading=\"lazy\" decoding=\"async\" width=\"1748\" height=\"2048\" src=\"https:\/\/i0.wp.com\/fen.com.ec\/Website1\/wp-content\/uploads\/2025\/05\/499058094_1153040703290135_801800579128388369_n.jpg?fit=874%2C1024&amp;ssl=1\" alt=\"\" class=\"wp-image-12473\" srcset=\"https:\/\/i0.wp.com\/fen.com.ec\/Website1\/wp-content\/uploads\/2025\/05\/499058094_1153040703290135_801800579128388369_n.jpg?w=1748&amp;ssl=1 1748w, https:\/\/i0.wp.com\/fen.com.ec\/Website1\/wp-content\/uploads\/2025\/05\/499058094_1153040703290135_801800579128388369_n.jpg?resize=256%2C300&amp;ssl=1 256w, https:\/\/i0.wp.com\/fen.com.ec\/Website1\/wp-content\/uploads\/2025\/05\/499058094_1153040703290135_801800579128388369_n.jpg?resize=874%2C1024&amp;ssl=1 874w, https:\/\/i0.wp.com\/fen.com.ec\/Website1\/wp-content\/uploads\/2025\/05\/499058094_1153040703290135_801800579128388369_n.jpg?resize=768%2C900&amp;ssl=1 768w, https:\/\/i0.wp.com\/fen.com.ec\/Website1\/wp-content\/uploads\/2025\/05\/499058094_1153040703290135_801800579128388369_n.jpg?resize=1311%2C1536&amp;ssl=1 1311w\" sizes=\"(max-width: 1200px) 100vw, 1200px\" \/><\/figure>\n\n    <div class=\"xs_social_share_widget xs_share_url after_content \t\tmain_content  wslu-style-1 wslu-share-box-shaped wslu-fill-colored wslu-none wslu-share-horizontal wslu-theme-font-no wslu-main_content\">\n\n\t\t\n        <ul>\n\t\t\t                    <li class=\"xs-share-li facebook                        wslu-no-extra-data\">\n                        <a href=\"#\"\n                           class=\"xs-share-link\"\n                           id=\"xs_feed_facebook\"\n                           data-pid=\"12471\"\n                           data-uri_hash=\"5d61a3cb0b5d23b0cd7dc136fb19166f\"\n                           data-key=\"facebook\"\n                           data-xs-href=\"http:\/\/www.facebook.com\/sharer.php?u=https%3A%2F%2Ffen.com.ec%2FWebsite1%2Fimpulsamos-la-formacion-juridica%2F&amp;t=Impulsamos+la+formaci%C3%B3n+jur%C3%ADdica&amp;v=3\">\n\n                            <div class=\"xs-social-icon\">\n                                <span class=\"met-social met-social-facebook\"><\/span>\n                            <\/div>\n\n\t\t\t\t\t\t\t\n                            <div class=\"wslu-hover-content\">\n                                <div class=\"xs-social-followers\">\n\t\t\t\t\t\t\t\t\t0                                <\/div>\n                                <div class=\"xs-social-follower-text\">\n\t\t\t\t\t\t\t\t\t                                <\/div>\n                                <div class=\"xs-social-follower-label\">\n\t\t\t\t\t\t\t\t\tFacebook                                <\/div>\n                            <\/div>\n                        <\/a>\n                    <\/li>\n\t\t\t\t\t        <\/ul>\n    <\/div> \n","protected":false},"excerpt":{"rendered":"<p>Impulsamos la formaci\u00f3n jur\u00eddica Con el compromiso de fortalecer la formaci\u00f3n continua y la investigaci\u00f3n jur\u00eddica en el pa\u00eds, hoy firmamos un convenio marco de cooperaci\u00f3n interinstitucional con la Federaci\u00f3n Ecuatoriana de Notarios. El acuerdo fue suscrito por nuestro rector, Profesor C\u00e9sar Monta\u00f1o Galarza, y el presidente de la Federaci\u00f3n, Homero L\u00f3pez Obando, en presencia [&hellip;]<\/p>\n","protected":false},"author":2,"featured_media":12474,"comment_status":"open","ping_status":"open","sticky":false,"template":"","format":"standard","meta":{"nf_dc_page":"","_eb_attr":"","om_disable_all_campaigns":false,"_jetpack_memberships_contains_paid_content":false,"footnotes":""},"categories":[153,160],"tags":[161],"class_list":["post-12471","post","type-post","status-publish","format-standard","has-post-thumbnail","hentry","category-noticias","category-revista-notarios","tag-noticias"],"jetpack_featured_media_url":"https:\/\/i0.wp.com\/fen.com.ec\/Website1\/wp-content\/uploads\/2025\/05\/499221928_1153040663290139_1129096162425291005_n.jpg?fit=2048%2C1150&ssl=1","jetpack_sharing_enabled":true,"amp_enabled":true,"_links":{"self":[{"href":"https:\/\/fen.com.ec\/Website1\/wp-json\/wp\/v2\/posts\/12471","targetHints":{"allow":["GET"]}}],"collection":[{"href":"https:\/\/fen.com.ec\/Website1\/wp-json\/wp\/v2\/posts"}],"about":[{"href":"https:\/\/fen.com.ec\/Website1\/wp-json\/wp\/v2\/types\/post"}],"author":[{"embeddable":true,"href":"https:\/\/fen.com.ec\/Website1\/wp-json\/wp\/v2\/users\/2"}],"replies":[{"embeddable":true,"href":"https:\/\/fen.com.ec\/Website1\/wp-json\/wp\/v2\/comments?post=12471"}],"version-history":[{"count":1,"href":"https:\/\/fen.com.ec\/Website1\/wp-json\/wp\/v2\/posts\/12471\/revisions"}],"predecessor-version":[{"id":12476,"href":"https:\/\/fen.com.ec\/Website1\/wp-json\/wp\/v2\/posts\/12471\/revisions\/12476"}],"wp:featuredmedia":[{"embeddable":true,"href":"https:\/\/fen.com.ec\/Website1\/wp-json\/wp\/v2\/media\/12474"}],"wp:attachment":[{"href":"https:\/\/fen.com.ec\/Website1\/wp-json\/wp\/v2\/media?parent=12471"}],"wp:term":[{"taxonomy":"category","embeddable":true,"href":"https:\/\/fen.com.ec\/Website1\/wp-json\/wp\/v2\/categories?post=12471"},{"taxonomy":"post_tag","embeddable":true,"href":"https:\/\/fen.com.ec\/Website1\/wp-json\/wp\/v2\/tags?post=12471"}],"curies":[{"name":"wp","href":"https:\/\/api.w.org\/{rel}","templated":true}]}}